{"id":1579,"date":"2020-11-03T23:25:01","date_gmt":"2020-11-03T22:25:01","guid":{"rendered":"http:\/\/pkas.cz\/?p=1579"},"modified":"2020-11-03T23:25:04","modified_gmt":"2020-11-03T22:25:04","slug":"odlozeni-belska-petka-mistrovstvi-plzenskeho-kraje-v-prespolnim-behu","status":"publish","type":"post","link":"http:\/\/pkas.cz\/?p=1579","title":{"rendered":"ODLO\u017dEN\u00cd &#8211; B\u011blsk\u00e1 p\u011btka (Mistrovstv\u00ed Plze\u0148sk\u00e9ho kraje v p\u0159espoln\u00edm b\u011bhu)"},"content":{"rendered":"\n<h2 class=\"wp-block-heading\">ODLO\u017dEN\u00cd &#8211; B\u011blsk\u00e1 p\u011btka (Mistrovstv\u00ed Plze\u0148sk\u00e9ho kraje v p\u0159espoln\u00edm b\u011bhu)<\/h2>\n\n\n\n<p>Mistrovstv\u00ed se z d\u016fvodu vl\u00e1dn\u00edch opat\u0159en\u00ed COVID-19 odkl\u00e1d\u00e1 na dobu neur\u010ditou. <\/p>\n\n\n\n<figure class=\"wp-block-image alignwide size-large\"><img loading=\"lazy\" decoding=\"async\" width=\"1024\" height=\"605\" src=\"http:\/\/pkas.cz\/wp-content\/uploads\/2020\/11\/B5b-1024x605.jpg\" alt=\"\" class=\"wp-image-1581\" srcset=\"http:\/\/pkas.cz\/wp-content\/uploads\/2020\/11\/B5b-1024x605.jpg 1024w, http:\/\/pkas.cz\/wp-content\/uploads\/2020\/11\/B5b-300x177.jpg 300w, http:\/\/pkas.cz\/wp-content\/uploads\/2020\/11\/B5b-768x454.jpg 768w, http:\/\/pkas.cz\/wp-content\/uploads\/2020\/11\/B5b-1536x908.jpg 1536w, http:\/\/pkas.cz\/wp-content\/uploads\/2020\/11\/B5b.jpg 2000w\" sizes=\"(max-width: 1024px) 100vw, 1024px\" \/><figcaption>B\u011blsk\u00e1 p\u011btka 2019, foto Miroslav Benda<\/figcaption><\/figure>\n\n\n\n<figure class=\"wp-block-image alignwide size-large\"><img loading=\"lazy\" decoding=\"async\" width=\"1024\" height=\"546\" src=\"http:\/\/pkas.cz\/wp-content\/uploads\/2020\/11\/B5a-1024x546.jpg\" alt=\"\" class=\"wp-image-1580\" srcset=\"http:\/\/pkas.cz\/wp-content\/uploads\/2020\/11\/B5a-1024x546.jpg 1024w, http:\/\/pkas.cz\/wp-content\/uploads\/2020\/11\/B5a-300x160.jpg 300w, http:\/\/pkas.cz\/wp-content\/uploads\/2020\/11\/B5a-768x409.jpg 768w, http:\/\/pkas.cz\/wp-content\/uploads\/2020\/11\/B5a-1536x819.jpg 1536w, http:\/\/pkas.cz\/wp-content\/uploads\/2020\/11\/B5a.jpg 2000w\" sizes=\"(max-width: 1024px) 100vw, 1024px\" \/><figcaption>B\u011blsk\u00e1 p\u011btka 2019, foto Miroslav Benda<\/figcaption><\/figure>\n","protected":false},"excerpt":{"rendered":"<p>ODLO\u017dEN\u00cd &#8211; B\u011blsk\u00e1 p\u011btka (Mistrovstv\u00ed Plze\u0148sk\u00e9ho kraje v p\u0159espoln\u00edm b\u011bhu) Mistrovstv\u00ed se z d\u016fvodu vl\u00e1dn\u00edch opat\u0159en\u00ed COVID-19 odkl\u00e1d\u00e1 na dobu neur\u010ditou.<\/p>\n","protected":false},"author":3,"featured_media":1580,"comment_status":"closed","ping_status":"closed","sticky":false,"template":"","format":"standard","meta":{"footnotes":""},"categories":[1],"tags":[],"jetpack_sharing_enabled":true,"jetpack_featured_media_url":"http:\/\/pkas.cz\/wp-content\/uploads\/2020\/11\/B5a.jpg","_links":{"self":[{"href":"http:\/\/pkas.cz\/index.php?rest_route=\/wp\/v2\/posts\/1579"}],"collection":[{"href":"http:\/\/pkas.cz\/index.php?rest_route=\/wp\/v2\/posts"}],"about":[{"href":"http:\/\/pkas.cz\/index.php?rest_route=\/wp\/v2\/types\/post"}],"author":[{"embeddable":true,"href":"http:\/\/pkas.cz\/index.php?rest_route=\/wp\/v2\/users\/3"}],"replies":[{"embeddable":true,"href":"http:\/\/pkas.cz\/index.php?rest_route=%2Fwp%2Fv2%2Fcomments&post=1579"}],"version-history":[{"count":1,"href":"http:\/\/pkas.cz\/index.php?rest_route=\/wp\/v2\/posts\/1579\/revisions"}],"predecessor-version":[{"id":1582,"href":"http:\/\/pkas.cz\/index.php?rest_route=\/wp\/v2\/posts\/1579\/revisions\/1582"}],"wp:featuredmedia":[{"embeddable":true,"href":"http:\/\/pkas.cz\/index.php?rest_route=\/wp\/v2\/media\/1580"}],"wp:attachment":[{"href":"http:\/\/pkas.cz\/index.php?rest_route=%2Fwp%2Fv2%2Fmedia&parent=1579"}],"wp:term":[{"taxonomy":"category","embeddable":true,"href":"http:\/\/pkas.cz\/index.php?rest_route=%2Fwp%2Fv2%2Fcategories&post=1579"},{"taxonomy":"post_tag","embeddable":true,"href":"http:\/\/pkas.cz\/index.php?rest_route=%2Fwp%2Fv2%2Ftags&post=1579"}],"curies":[{"name":"wp","href":"https:\/\/api.w.org\/{rel}","templated":true}]}}