{"id":1576,"date":"2020-11-03T09:40:58","date_gmt":"2020-11-03T08:40:58","guid":{"rendered":"http:\/\/pkas.cz\/?p=1576"},"modified":"2020-11-03T09:46:32","modified_gmt":"2020-11-03T08:46:32","slug":"aktualizace-odlozenych-seminaru-a-skolenich-treneru-a-rozhodcich-v-plzenskem-kraji","status":"publish","type":"post","link":"http:\/\/pkas.cz\/?p=1576","title":{"rendered":"Aktualizace odlo\u017een\u00fdch semin\u00e1\u0159\u016f a \u0161kolen\u00edch tren\u00e9r\u016f, rozhod\u010d\u00edch v Plze\u0148sk\u00e9m kraji"},"content":{"rendered":"\n<h2 class=\"wp-block-heading\">Aktualizace odlo\u017een\u00fdch semin\u00e1\u0159\u016f a \u0161kolen\u00edch tren\u00e9r\u016f, rozhod\u010d\u00edch v Plze\u0148sk\u00e9m kraji<\/h2>\n\n\n\n<p><strong>6. 11. 2020, Do\u0161kolovac\u00ed semin\u00e1\u0159 tren\u00e9r\u016f atletiky<\/strong><\/p>\n\n\n\n<p><strong>7. 11. 2020, \u0160kolen\u00ed rozhod\u010d\u00edch III. t\u0159\u00eddy, Prolonga\u010dn\u00ed \u0161kolen\u00ed <\/strong><\/p>\n\n\n\n<p><strong>15. 11. 2020,  \u0160kolen\u00ed tren\u00e9r\u016f atletick\u00e9 p\u0159\u00edpravky <\/strong><\/p>\n\n\n\n<p><strong>28. &#8211; 29. 11. 2020, \u0160kolen\u00ed tren\u00e9r\u016f \u017dactva <\/strong><\/p>\n\n\n\n<p>\u0160kolen\u00ed jsou odlo\u017eeny na dobu neur\u010ditou. Poplatky za \u0161kolen\u00ed navr\u00e1t\u00ed po\u0159adatel v m\u011bs\u00edci listopadu. V\u0161ichni z\u00e1jemci budou op\u011bt pozv\u00e1ni na nov\u00e9 term\u00edny, jakmile to situace a vl\u00e1dn\u00ed opat\u0159en\u00ed umo\u017en\u00ed. <\/p>\n\n\n\n<p><\/p>\n","protected":false},"excerpt":{"rendered":"<p>Aktualizace odlo\u017een\u00fdch semin\u00e1\u0159\u016f a \u0161kolen\u00edch tren\u00e9r\u016f, rozhod\u010d\u00edch v Plze\u0148sk\u00e9m kraji 6. 11. 2020, Do\u0161kolovac\u00ed semin\u00e1\u0159 tren\u00e9r\u016f atletiky 7. 11. 2020, \u0160kolen\u00ed rozhod\u010d\u00edch III. t\u0159\u00eddy, Prolonga\u010dn\u00ed&hellip;<\/p>\n","protected":false},"author":3,"featured_media":1440,"comment_status":"closed","ping_status":"closed","sticky":false,"template":"","format":"standard","meta":{"footnotes":""},"categories":[1],"tags":[],"jetpack_sharing_enabled":true,"jetpack_featured_media_url":"http:\/\/pkas.cz\/wp-content\/uploads\/2020\/09\/obr-2.jpg","_links":{"self":[{"href":"http:\/\/pkas.cz\/index.php?rest_route=\/wp\/v2\/posts\/1576"}],"collection":[{"href":"http:\/\/pkas.cz\/index.php?rest_route=\/wp\/v2\/posts"}],"about":[{"href":"http:\/\/pkas.cz\/index.php?rest_route=\/wp\/v2\/types\/post"}],"author":[{"embeddable":true,"href":"http:\/\/pkas.cz\/index.php?rest_route=\/wp\/v2\/users\/3"}],"replies":[{"embeddable":true,"href":"http:\/\/pkas.cz\/index.php?rest_route=%2Fwp%2Fv2%2Fcomments&post=1576"}],"version-history":[{"count":2,"href":"http:\/\/pkas.cz\/index.php?rest_route=\/wp\/v2\/posts\/1576\/revisions"}],"predecessor-version":[{"id":1578,"href":"http:\/\/pkas.cz\/index.php?rest_route=\/wp\/v2\/posts\/1576\/revisions\/1578"}],"wp:featuredmedia":[{"embeddable":true,"href":"http:\/\/pkas.cz\/index.php?rest_route=\/wp\/v2\/media\/1440"}],"wp:attachment":[{"href":"http:\/\/pkas.cz\/index.php?rest_route=%2Fwp%2Fv2%2Fmedia&parent=1576"}],"wp:term":[{"taxonomy":"category","embeddable":true,"href":"http:\/\/pkas.cz\/index.php?rest_route=%2Fwp%2Fv2%2Fcategories&post=1576"},{"taxonomy":"post_tag","embeddable":true,"href":"http:\/\/pkas.cz\/index.php?rest_route=%2Fwp%2Fv2%2Ftags&post=1576"}],"curies":[{"name":"wp","href":"https:\/\/api.w.org\/{rel}","templated":true}]}}