{"id":1437,"date":"2020-09-25T10:06:00","date_gmt":"2020-09-25T08:06:00","guid":{"rendered":"http:\/\/pkas.cz\/?p=1437"},"modified":"2020-10-01T13:40:00","modified_gmt":"2020-10-01T11:40:00","slug":"prehled-skolenich-a-seminaru-podzim-2020","status":"publish","type":"post","link":"http:\/\/pkas.cz\/?p=1437","title":{"rendered":"P\u0159ehled \u0161kolen\u00edch a semin\u00e1\u0159\u016f podzim 2020"},"content":{"rendered":"\n<h2 class=\"wp-block-heading\">P\u0159ehled \u0161kolen\u00edch a semin\u00e1\u0159\u016f podzim 2020<\/h2>\n\n\n\n<figure class=\"wp-block-image size-large\"><img loading=\"lazy\" decoding=\"async\" width=\"1024\" height=\"768\" src=\"http:\/\/pkas.cz\/wp-content\/uploads\/2020\/09\/obr-2-1024x768.jpg\" alt=\"\" class=\"wp-image-1440\" srcset=\"http:\/\/pkas.cz\/wp-content\/uploads\/2020\/09\/obr-2-1024x768.jpg 1024w, http:\/\/pkas.cz\/wp-content\/uploads\/2020\/09\/obr-2-300x225.jpg 300w, http:\/\/pkas.cz\/wp-content\/uploads\/2020\/09\/obr-2-768x576.jpg 768w, http:\/\/pkas.cz\/wp-content\/uploads\/2020\/09\/obr-2-1536x1152.jpg 1536w, http:\/\/pkas.cz\/wp-content\/uploads\/2020\/09\/obr-2.jpg 1600w\" sizes=\"(max-width: 1024px) 100vw, 1024px\" \/><\/figure>\n\n\n\n<p>P\u0159ehled \u0161kolen\u00edch a semin\u00e1\u0159\u016f podzim 2020<\/p>\n\n\n\n<ul><li>6. 11.,&nbsp;<strong>Do\u0161kolovac\u00ed semin\u00e1\u0159 tren\u00e9r\u016f atletiky,<\/strong>&nbsp;p\u0159ihl\u00e1\u0161ky a informacena odkazu:&nbsp;<a href=\"https:\/\/registr.atletika.cz\/TrainingRegistration\/Coaches\">https:\/\/registr.atletika.cz\/TrainingRegistration\/Coaches<\/a>&nbsp;<strong>(p\u0159ihl\u00e1\u0161ky do 30. 10.)<\/strong><\/li><\/ul>\n\n\n\n<ul><li>7. 11.,&nbsp;<strong>\u0160kolen\u00ed rozhod\u010d\u00edch III. t\u0159\u00eddy, Prolonga\u010dn\u00ed \u0161kolen\u00ed pro rozhod\u010d\u00ed III. t\u0159\u00eddy,&nbsp;<\/strong>&nbsp;p\u0159ihl\u00e1\u0161ky do 31. 10.&nbsp;na email:&nbsp;erlinhartova@seznam.cz&nbsp;<\/li><\/ul>\n\n\n\n<ul><li>15. 11.,&nbsp;<strong>\u0160kolen\u00ed tren\u00e9r\u016f atletick\u00e9 p\u0159\u00edpravky (TAP),&nbsp;&nbsp;<\/strong>p\u0159ihl\u00e1\u0161ky a informace&nbsp;na odkazu:&nbsp;<a href=\"https:\/\/registr.atletika.cz\/TrainingRegistration\/Coaches\">https:\/\/registr.atletika.cz\/TrainingRegistration\/Coaches<\/a>&nbsp;<strong>(<\/strong><strong>p\u0159ihl\u00e1\u0161ky do: 15. 10.)<\/strong><\/li><\/ul>\n\n\n\n<ul><li>19. 11.,&nbsp;<strong>Uzav\u0159en\u00e9 \u0161kolen\u00ed rozhod\u010d\u00edch III. t\u0159\u00eddy pro \u010dleny Atletick\u00e9 akademie Plze\u0148sk\u00e9ho kraje<\/strong><\/li><\/ul>\n\n\n\n<ul><li>22. 11.,&nbsp;<strong>Uzav\u0159en\u00e9 \u0161kolen\u00ed tren\u00e9r\u016f atletick\u00e9 p\u0159\u00edpravky (TAP)&nbsp;pro \u010dleny Atletick\u00e9 akademie Plze\u0148sk\u00e9ho kraje<\/strong><\/li><\/ul>\n\n\n\n<ul><li>28. &#8211; 29. 11.,&nbsp;<strong>\u0160kolen\u00ed tren\u00e9r\u016f \u017eactva (T\u017d),&nbsp;&nbsp;<\/strong>p\u0159ihl\u00e1\u0161ky a informace&nbsp;na odkazu:&nbsp;<a href=\"https:\/\/registr.atletika.cz\/TrainingRegistration\/Coaches\">https:\/\/registr.atletika.cz\/TrainingRegistration\/Coaches<\/a>&nbsp;<strong>(p\u0159ihl\u00e1\u0161ky do: 28. 10.)<\/strong><\/li><\/ul>\n\n\n\n<figure class=\"wp-block-gallery alignfull columns-3 is-cropped wp-block-gallery-1 is-layout-flex wp-block-gallery-is-layout-flex\"><ul class=\"blocks-gallery-grid\"><li class=\"blocks-gallery-item\"><figure><img loading=\"lazy\" decoding=\"async\" width=\"1024\" height=\"768\" src=\"http:\/\/pkas.cz\/wp-content\/uploads\/2020\/09\/obr-saly-1024x768.jpg\" alt=\"\" data-id=\"1446\" data-full-url=\"http:\/\/pkas.cz\/wp-content\/uploads\/2020\/09\/obr-saly-scaled.jpg\" data-link=\"http:\/\/pkas.cz\/?attachment_id=1446\" class=\"wp-image-1446\" srcset=\"http:\/\/pkas.cz\/wp-content\/uploads\/2020\/09\/obr-saly-1024x768.jpg 1024w, http:\/\/pkas.cz\/wp-content\/uploads\/2020\/09\/obr-saly-300x225.jpg 300w, http:\/\/pkas.cz\/wp-content\/uploads\/2020\/09\/obr-saly-768x576.jpg 768w, http:\/\/pkas.cz\/wp-content\/uploads\/2020\/09\/obr-saly-1536x1152.jpg 1536w, http:\/\/pkas.cz\/wp-content\/uploads\/2020\/09\/obr-saly-2048x1536.jpg 2048w\" sizes=\"(max-width: 1024px) 100vw, 1024px\" \/><\/figure><\/li><li class=\"blocks-gallery-item\"><figure><img loading=\"lazy\" decoding=\"async\" width=\"1024\" height=\"768\" src=\"http:\/\/pkas.cz\/wp-content\/uploads\/2020\/09\/obr-ryba-1024x768.jpg\" alt=\"\" data-id=\"1445\" data-full-url=\"http:\/\/pkas.cz\/wp-content\/uploads\/2020\/09\/obr-ryba-scaled.jpg\" data-link=\"http:\/\/pkas.cz\/?attachment_id=1445\" class=\"wp-image-1445\" srcset=\"http:\/\/pkas.cz\/wp-content\/uploads\/2020\/09\/obr-ryba-1024x768.jpg 1024w, http:\/\/pkas.cz\/wp-content\/uploads\/2020\/09\/obr-ryba-300x225.jpg 300w, http:\/\/pkas.cz\/wp-content\/uploads\/2020\/09\/obr-ryba-768x576.jpg 768w, http:\/\/pkas.cz\/wp-content\/uploads\/2020\/09\/obr-ryba-1536x1152.jpg 1536w, http:\/\/pkas.cz\/wp-content\/uploads\/2020\/09\/obr-ryba-2048x1536.jpg 2048w\" sizes=\"(max-width: 1024px) 100vw, 1024px\" \/><\/figure><\/li><li class=\"blocks-gallery-item\"><figure><img loading=\"lazy\" decoding=\"async\" width=\"1024\" height=\"768\" src=\"http:\/\/pkas.cz\/wp-content\/uploads\/2020\/09\/obr-petra-1024x768.jpg\" alt=\"\" data-id=\"1444\" data-full-url=\"http:\/\/pkas.cz\/wp-content\/uploads\/2020\/09\/obr-petra-scaled.jpg\" data-link=\"http:\/\/pkas.cz\/?attachment_id=1444\" class=\"wp-image-1444\" srcset=\"http:\/\/pkas.cz\/wp-content\/uploads\/2020\/09\/obr-petra-1024x768.jpg 1024w, http:\/\/pkas.cz\/wp-content\/uploads\/2020\/09\/obr-petra-300x225.jpg 300w, http:\/\/pkas.cz\/wp-content\/uploads\/2020\/09\/obr-petra-768x576.jpg 768w, http:\/\/pkas.cz\/wp-content\/uploads\/2020\/09\/obr-petra-1536x1152.jpg 1536w, http:\/\/pkas.cz\/wp-content\/uploads\/2020\/09\/obr-petra-2048x1536.jpg 2048w\" sizes=\"(max-width: 1024px) 100vw, 1024px\" \/><\/figure><\/li><li class=\"blocks-gallery-item\"><figure><img loading=\"lazy\" decoding=\"async\" width=\"1024\" height=\"768\" src=\"http:\/\/pkas.cz\/wp-content\/uploads\/2020\/09\/obr-linta-1024x768.jpg\" alt=\"\" data-id=\"1443\" data-full-url=\"http:\/\/pkas.cz\/wp-content\/uploads\/2020\/09\/obr-linta-scaled.jpg\" data-link=\"http:\/\/pkas.cz\/?attachment_id=1443\" class=\"wp-image-1443\" srcset=\"http:\/\/pkas.cz\/wp-content\/uploads\/2020\/09\/obr-linta-1024x768.jpg 1024w, http:\/\/pkas.cz\/wp-content\/uploads\/2020\/09\/obr-linta-300x225.jpg 300w, http:\/\/pkas.cz\/wp-content\/uploads\/2020\/09\/obr-linta-768x576.jpg 768w, http:\/\/pkas.cz\/wp-content\/uploads\/2020\/09\/obr-linta-1536x1152.jpg 1536w, http:\/\/pkas.cz\/wp-content\/uploads\/2020\/09\/obr-linta-2048x1536.jpg 2048w\" sizes=\"(max-width: 1024px) 100vw, 1024px\" \/><\/figure><\/li><li class=\"blocks-gallery-item\"><figure><img loading=\"lazy\" decoding=\"async\" width=\"1024\" height=\"768\" src=\"http:\/\/pkas.cz\/wp-content\/uploads\/2020\/09\/obr-bogo-1024x768.jpg\" alt=\"\" data-id=\"1441\" data-full-url=\"http:\/\/pkas.cz\/wp-content\/uploads\/2020\/09\/obr-bogo-scaled.jpg\" data-link=\"http:\/\/pkas.cz\/?attachment_id=1441\" class=\"wp-image-1441\" srcset=\"http:\/\/pkas.cz\/wp-content\/uploads\/2020\/09\/obr-bogo-1024x768.jpg 1024w, http:\/\/pkas.cz\/wp-content\/uploads\/2020\/09\/obr-bogo-300x225.jpg 300w, http:\/\/pkas.cz\/wp-content\/uploads\/2020\/09\/obr-bogo-768x576.jpg 768w, http:\/\/pkas.cz\/wp-content\/uploads\/2020\/09\/obr-bogo-1536x1152.jpg 1536w, http:\/\/pkas.cz\/wp-content\/uploads\/2020\/09\/obr-bogo-2048x1536.jpg 2048w\" sizes=\"(max-width: 1024px) 100vw, 1024px\" \/><\/figure><\/li><li class=\"blocks-gallery-item\"><figure><img loading=\"lazy\" decoding=\"async\" width=\"1024\" height=\"768\" src=\"http:\/\/pkas.cz\/wp-content\/uploads\/2020\/09\/obr-2-1024x768.jpg\" alt=\"\" data-id=\"1440\" data-full-url=\"http:\/\/pkas.cz\/wp-content\/uploads\/2020\/09\/obr-2.jpg\" data-link=\"http:\/\/pkas.cz\/?attachment_id=1440\" class=\"wp-image-1440\" srcset=\"http:\/\/pkas.cz\/wp-content\/uploads\/2020\/09\/obr-2-1024x768.jpg 1024w, http:\/\/pkas.cz\/wp-content\/uploads\/2020\/09\/obr-2-300x225.jpg 300w, http:\/\/pkas.cz\/wp-content\/uploads\/2020\/09\/obr-2-768x576.jpg 768w, http:\/\/pkas.cz\/wp-content\/uploads\/2020\/09\/obr-2-1536x1152.jpg 1536w, http:\/\/pkas.cz\/wp-content\/uploads\/2020\/09\/obr-2.jpg 1600w\" sizes=\"(max-width: 1024px) 100vw, 1024px\" \/><\/figure><\/li><\/ul><figcaption class=\"blocks-gallery-caption\">Lekto\u0159i \u0160kolen\u00ed tren\u00e9r\u016f \u017eactva 2019<br><\/figcaption><\/figure>\n\n\n\n<p>P\u0159edem d\u011bkujeme za v\u010dasn\u00e9 p\u0159ihla\u0161ov\u00e1n\u00ed. Pom\u016f\u017ee n\u00e1m zajistit vhodn\u00e9 prostory a mo\u017enost p\u0159izp\u016fsobit se na\u0159\u00edzen\u00fdm hygienick\u00fdm opat\u0159en\u00edm.&nbsp;<\/p>\n","protected":false},"excerpt":{"rendered":"<p>P\u0159ehled \u0161kolen\u00edch a semin\u00e1\u0159\u016f podzim 2020 P\u0159ehled \u0161kolen\u00edch a semin\u00e1\u0159\u016f podzim 2020 6. 11.,&nbsp;Do\u0161kolovac\u00ed semin\u00e1\u0159 tren\u00e9r\u016f atletiky,&nbsp;p\u0159ihl\u00e1\u0161ky a informacena odkazu:&nbsp;https:\/\/registr.atletika.cz\/TrainingRegistration\/Coaches&nbsp;(p\u0159ihl\u00e1\u0161ky do 30. 10.) 7. 11.,&nbsp;\u0160kolen\u00ed&hellip;<\/p>\n","protected":false},"author":3,"featured_media":1443,"comment_status":"closed","ping_status":"closed","sticky":false,"template":"","format":"standard","meta":{"footnotes":""},"categories":[1],"tags":[],"jetpack_sharing_enabled":true,"jetpack_featured_media_url":"http:\/\/pkas.cz\/wp-content\/uploads\/2020\/09\/obr-linta-scaled.jpg","_links":{"self":[{"href":"http:\/\/pkas.cz\/index.php?rest_route=\/wp\/v2\/posts\/1437"}],"collection":[{"href":"http:\/\/pkas.cz\/index.php?rest_route=\/wp\/v2\/posts"}],"about":[{"href":"http:\/\/pkas.cz\/index.php?rest_route=\/wp\/v2\/types\/post"}],"author":[{"embeddable":true,"href":"http:\/\/pkas.cz\/index.php?rest_route=\/wp\/v2\/users\/3"}],"replies":[{"embeddable":true,"href":"http:\/\/pkas.cz\/index.php?rest_route=%2Fwp%2Fv2%2Fcomments&post=1437"}],"version-history":[{"count":6,"href":"http:\/\/pkas.cz\/index.php?rest_route=\/wp\/v2\/posts\/1437\/revisions"}],"predecessor-version":[{"id":1464,"href":"http:\/\/pkas.cz\/index.php?rest_route=\/wp\/v2\/posts\/1437\/revisions\/1464"}],"wp:featuredmedia":[{"embeddable":true,"href":"http:\/\/pkas.cz\/index.php?rest_route=\/wp\/v2\/media\/1443"}],"wp:attachment":[{"href":"http:\/\/pkas.cz\/index.php?rest_route=%2Fwp%2Fv2%2Fmedia&parent=1437"}],"wp:term":[{"taxonomy":"category","embeddable":true,"href":"http:\/\/pkas.cz\/index.php?rest_route=%2Fwp%2Fv2%2Fcategories&post=1437"},{"taxonomy":"post_tag","embeddable":true,"href":"http:\/\/pkas.cz\/index.php?rest_route=%2Fwp%2Fv2%2Ftags&post=1437"}],"curies":[{"name":"wp","href":"https:\/\/api.w.org\/{rel}","templated":true}]}}