{"id":1399,"date":"2020-09-24T08:49:59","date_gmt":"2020-09-24T06:49:59","guid":{"rendered":"http:\/\/pkas.cz\/?p=1399"},"modified":"2020-10-05T13:32:15","modified_gmt":"2020-10-05T11:32:15","slug":"stavba-socialniho-zazemi-na-atletickem-stadionu-v-klatovech-se-blizi-do-finale","status":"publish","type":"post","link":"http:\/\/pkas.cz\/?p=1399","title":{"rendered":"Stavba soci\u00e1ln\u00edho z\u00e1zem\u00ed na atletick\u00e9m stadionu v Klatovech se bl\u00ed\u017e\u00ed do fin\u00e1le"},"content":{"rendered":"\n<h2 class=\"wp-block-heading\">Stavba soci\u00e1ln\u00edho z\u00e1zem\u00ed na atletick\u00e9m stadionu v Klatovech se bl\u00ed\u017e\u00ed do fin\u00e1le<\/h2>\n\n\n\n<p><\/p>\n\n\n\n<p>Klatovsk\u00e1 atletika se do\u010dk\u00e1 nov\u00e9ho z\u00e1zem\u00ed. V nov\u00e9m objektu budou m\u00edt atleti k dispozici \u0161atny, soci\u00e1ln\u00ed z\u00e1zem\u00ed, kancel\u00e1\u0159. P\u0159ed\u00e1n\u00ed stavby pro vyu\u017e\u00edv\u00e1n\u00ed se pl\u00e1nuje v m\u011bs\u00edci prosinec. <\/p>\n\n\n\n<figure class=\"wp-block-image size-large\"><img loading=\"lazy\" decoding=\"async\" width=\"1024\" height=\"576\" src=\"http:\/\/pkas.cz\/wp-content\/uploads\/2020\/09\/IMG_20200908_093757_1-1024x576.jpg\" alt=\"\" class=\"wp-image-1397\" srcset=\"http:\/\/pkas.cz\/wp-content\/uploads\/2020\/09\/IMG_20200908_093757_1-1024x576.jpg 1024w, http:\/\/pkas.cz\/wp-content\/uploads\/2020\/09\/IMG_20200908_093757_1-300x169.jpg 300w, http:\/\/pkas.cz\/wp-content\/uploads\/2020\/09\/IMG_20200908_093757_1-768x432.jpg 768w, http:\/\/pkas.cz\/wp-content\/uploads\/2020\/09\/IMG_20200908_093757_1-1536x864.jpg 1536w, http:\/\/pkas.cz\/wp-content\/uploads\/2020\/09\/IMG_20200908_093757_1-2048x1152.jpg 2048w\" sizes=\"(max-width: 1024px) 100vw, 1024px\" \/><figcaption>Stavba nov\u00e9ho z\u00e1zem\u00ed na atletick\u00e9m stadionu Klatovy<\/figcaption><\/figure>\n\n\n\n<figure class=\"wp-block-image size-large\"><img loading=\"lazy\" decoding=\"async\" width=\"1024\" height=\"576\" src=\"http:\/\/pkas.cz\/wp-content\/uploads\/2020\/09\/IMG_20200908_093946-1024x576.jpg\" alt=\"\" class=\"wp-image-1398\" srcset=\"http:\/\/pkas.cz\/wp-content\/uploads\/2020\/09\/IMG_20200908_093946-1024x576.jpg 1024w, http:\/\/pkas.cz\/wp-content\/uploads\/2020\/09\/IMG_20200908_093946-300x169.jpg 300w, http:\/\/pkas.cz\/wp-content\/uploads\/2020\/09\/IMG_20200908_093946-768x432.jpg 768w\" sizes=\"(max-width: 1024px) 100vw, 1024px\" \/><figcaption>Stavba nov\u00e9ho z\u00e1zem\u00ed na atletick\u00e9m stadionu Klatovy<\/figcaption><\/figure>\n\n\n\n<figure class=\"wp-block-image size-large\"><img loading=\"lazy\" decoding=\"async\" width=\"150\" height=\"150\" src=\"http:\/\/pkas.cz\/wp-content\/uploads\/2020\/01\/PKAS_square-e1582581538755.png\" alt=\"\" class=\"wp-image-719\"\/><\/figure>\n\n\n\n<p><\/p>\n","protected":false},"excerpt":{"rendered":"<p>Stavba soci\u00e1ln\u00edho z\u00e1zem\u00ed na atletick\u00e9m stadionu v Klatovech se bl\u00ed\u017e\u00ed do fin\u00e1le Klatovsk\u00e1 atletika se do\u010dk\u00e1 nov\u00e9ho z\u00e1zem\u00ed. V nov\u00e9m objektu budou m\u00edt atleti k&hellip;<\/p>\n","protected":false},"author":3,"featured_media":1398,"comment_status":"closed","ping_status":"closed","sticky":false,"template":"","format":"standard","meta":{"footnotes":""},"categories":[1],"tags":[],"jetpack_sharing_enabled":true,"jetpack_featured_media_url":"http:\/\/pkas.cz\/wp-content\/uploads\/2020\/09\/IMG_20200908_093946-scaled.jpg","_links":{"self":[{"href":"http:\/\/pkas.cz\/index.php?rest_route=\/wp\/v2\/posts\/1399"}],"collection":[{"href":"http:\/\/pkas.cz\/index.php?rest_route=\/wp\/v2\/posts"}],"about":[{"href":"http:\/\/pkas.cz\/index.php?rest_route=\/wp\/v2\/types\/post"}],"author":[{"embeddable":true,"href":"http:\/\/pkas.cz\/index.php?rest_route=\/wp\/v2\/users\/3"}],"replies":[{"embeddable":true,"href":"http:\/\/pkas.cz\/index.php?rest_route=%2Fwp%2Fv2%2Fcomments&post=1399"}],"version-history":[{"count":6,"href":"http:\/\/pkas.cz\/index.php?rest_route=\/wp\/v2\/posts\/1399\/revisions"}],"predecessor-version":[{"id":1515,"href":"http:\/\/pkas.cz\/index.php?rest_route=\/wp\/v2\/posts\/1399\/revisions\/1515"}],"wp:featuredmedia":[{"embeddable":true,"href":"http:\/\/pkas.cz\/index.php?rest_route=\/wp\/v2\/media\/1398"}],"wp:attachment":[{"href":"http:\/\/pkas.cz\/index.php?rest_route=%2Fwp%2Fv2%2Fmedia&parent=1399"}],"wp:term":[{"taxonomy":"category","embeddable":true,"href":"http:\/\/pkas.cz\/index.php?rest_route=%2Fwp%2Fv2%2Fcategories&post=1399"},{"taxonomy":"post_tag","embeddable":true,"href":"http:\/\/pkas.cz\/index.php?rest_route=%2Fwp%2Fv2%2Ftags&post=1399"}],"curies":[{"name":"wp","href":"https:\/\/api.w.org\/{rel}","templated":true}]}}