{"id":1285,"date":"2020-08-20T13:01:26","date_gmt":"2020-08-20T11:01:26","guid":{"rendered":"http:\/\/pkas.cz\/?p=1285"},"modified":"2020-08-20T13:08:46","modified_gmt":"2020-08-20T11:08:46","slug":"skoleni-v-programu-atleticka-kancelar-2","status":"publish","type":"post","link":"http:\/\/pkas.cz\/?p=1285","title":{"rendered":"\u0160kolen\u00ed v programu Atletick\u00e1 kancel\u00e1\u0159 2"},"content":{"rendered":"\n<p>V \u00fater\u00fd 25. 8. prob\u011bhne ve sportovn\u00ed hale Sportovn\u00edho gymn\u00e1zia Plze\u0148 \u0161kolen\u00ed v programu Atletick\u00e1 kancel\u00e1\u0159 2. <\/p>\n\n\n\n<p>Z\u00e1jemci se mohou p\u0159ihla\u0161ovat p\u0159es <a href=\"https:\/\/forms.gle\/nc8zzW5SGUAHaz6D6\">odkaz<\/a>, kde se dozv\u00edte ve\u0161ker\u00e9 informace. <\/p>\n\n\n\n<p>\u010casov\u00e1 dotace \u0161kolen\u00ed: 15: 30 &#8211; 19:30 <\/p>\n\n\n\n<p>\u00da\u010dastnick\u00fd poplatek za \u010dleny PKAS hrad\u00ed Plze\u0148sk\u00fd krajsk\u00fd atletick\u00fd svaz. <\/p>\n\n\n\n<figure class=\"wp-block-image size-large\"><img loading=\"lazy\" decoding=\"async\" width=\"1024\" height=\"576\" src=\"http:\/\/pkas.cz\/wp-content\/uploads\/2020\/08\/20180328_180930-1024x576.jpg\" alt=\"\" class=\"wp-image-1287\" srcset=\"http:\/\/pkas.cz\/wp-content\/uploads\/2020\/08\/20180328_180930-1024x576.jpg 1024w, http:\/\/pkas.cz\/wp-content\/uploads\/2020\/08\/20180328_180930-300x169.jpg 300w, http:\/\/pkas.cz\/wp-content\/uploads\/2020\/08\/20180328_180930-768x432.jpg 768w, http:\/\/pkas.cz\/wp-content\/uploads\/2020\/08\/20180328_180930-1536x864.jpg 1536w, http:\/\/pkas.cz\/wp-content\/uploads\/2020\/08\/20180328_180930-2048x1152.jpg 2048w\" sizes=\"(max-width: 1024px) 100vw, 1024px\" \/><figcaption>\u0160kolen\u00ed v programu Atletick\u00e1 kancel\u00e1\u0159 2 v roce 2018<br><\/figcaption><\/figure>\n\n\n\n<figure class=\"wp-block-image size-large\"><img loading=\"lazy\" decoding=\"async\" width=\"150\" height=\"150\" src=\"http:\/\/pkas.cz\/wp-content\/uploads\/2020\/01\/PKAS_square-e1582581538755.png\" alt=\"\" class=\"wp-image-719\"\/><\/figure>\n\n\n\n<p><\/p>\n","protected":false},"excerpt":{"rendered":"<p>V \u00fater\u00fd 25. 8. prob\u011bhne ve sportovn\u00ed hale Sportovn\u00edho gymn\u00e1zia Plze\u0148 \u0161kolen\u00ed v programu Atletick\u00e1 kancel\u00e1\u0159 2. Z\u00e1jemci se mohou p\u0159ihla\u0161ovat p\u0159es odkaz, kde se&hellip;<\/p>\n","protected":false},"author":3,"featured_media":1287,"comment_status":"closed","ping_status":"closed","sticky":false,"template":"","format":"standard","meta":{"footnotes":""},"categories":[1],"tags":[],"jetpack_sharing_enabled":true,"jetpack_featured_media_url":"http:\/\/pkas.cz\/wp-content\/uploads\/2020\/08\/20180328_180930-scaled.jpg","_links":{"self":[{"href":"http:\/\/pkas.cz\/index.php?rest_route=\/wp\/v2\/posts\/1285"}],"collection":[{"href":"http:\/\/pkas.cz\/index.php?rest_route=\/wp\/v2\/posts"}],"about":[{"href":"http:\/\/pkas.cz\/index.php?rest_route=\/wp\/v2\/types\/post"}],"author":[{"embeddable":true,"href":"http:\/\/pkas.cz\/index.php?rest_route=\/wp\/v2\/users\/3"}],"replies":[{"embeddable":true,"href":"http:\/\/pkas.cz\/index.php?rest_route=%2Fwp%2Fv2%2Fcomments&post=1285"}],"version-history":[{"count":2,"href":"http:\/\/pkas.cz\/index.php?rest_route=\/wp\/v2\/posts\/1285\/revisions"}],"predecessor-version":[{"id":1288,"href":"http:\/\/pkas.cz\/index.php?rest_route=\/wp\/v2\/posts\/1285\/revisions\/1288"}],"wp:featuredmedia":[{"embeddable":true,"href":"http:\/\/pkas.cz\/index.php?rest_route=\/wp\/v2\/media\/1287"}],"wp:attachment":[{"href":"http:\/\/pkas.cz\/index.php?rest_route=%2Fwp%2Fv2%2Fmedia&parent=1285"}],"wp:term":[{"taxonomy":"category","embeddable":true,"href":"http:\/\/pkas.cz\/index.php?rest_route=%2Fwp%2Fv2%2Fcategories&post=1285"},{"taxonomy":"post_tag","embeddable":true,"href":"http:\/\/pkas.cz\/index.php?rest_route=%2Fwp%2Fv2%2Ftags&post=1285"}],"curies":[{"name":"wp","href":"https:\/\/api.w.org\/{rel}","templated":true}]}}