{"id":1224,"date":"2020-07-08T15:08:03","date_gmt":"2020-07-08T13:08:03","guid":{"rendered":"http:\/\/pkas.cz\/?p=1224"},"modified":"2020-07-09T11:22:32","modified_gmt":"2020-07-09T09:22:32","slug":"presunuti-krajskeho-mistrovstvi-plzenskeho-kraje-jednotlivcu","status":"publish","type":"post","link":"http:\/\/pkas.cz\/?p=1224","title":{"rendered":"P\u0159esunut\u00ed mistrovstv\u00ed Plze\u0148sk\u00e9ho, Karlovarsk\u00e9ho a Jiho\u010desk\u00e9ho kraje jednotlivc\u016f"},"content":{"rendered":"\n<p>P\u0159esunut\u00ed mistrovstv\u00ed Plze\u0148sk\u00e9ho, Karlovarsk\u00e9ho a Jiho\u010desk\u00e9ho kraje jednotlivc\u016f<\/p>\n\n\n\n<p>Z d\u016fvodu rekonstrukce stadionu v Su\u0161ici je p\u0159esunuto mistrovstv\u00ed Plze\u0148sk\u00e9ho, Karlovarsk\u00e9ho a Jiho\u010desk\u00e9ho kraje jednotlivc\u016f dorostu, junior\u016f a dosp\u011bl\u00fdch z 1. 8. 2020 na 30. 8. 2020 do \u010cesk\u00fdch Bud\u011bjovic. <\/p>\n\n\n\n<p>Mistrovstv\u00ed prob\u011bhne sou\u010dasn\u011b s <strong>2. kolem<\/strong> <strong>OMD dru\u017estev junior\u016f a dorostu<\/strong>.<\/p>\n\n\n\n<figure class=\"wp-block-image size-large\"><img loading=\"lazy\" decoding=\"async\" width=\"150\" height=\"150\" src=\"http:\/\/pkas.cz\/wp-content\/uploads\/2020\/01\/PKAS_square-e1582581538755.png\" alt=\"\" class=\"wp-image-719\"\/><\/figure>\n","protected":false},"excerpt":{"rendered":"<p>P\u0159esunut\u00ed mistrovstv\u00ed Plze\u0148sk\u00e9ho, Karlovarsk\u00e9ho a Jiho\u010desk\u00e9ho kraje jednotlivc\u016f Z d\u016fvodu rekonstrukce stadionu v Su\u0161ici je p\u0159esunuto mistrovstv\u00ed Plze\u0148sk\u00e9ho, Karlovarsk\u00e9ho a Jiho\u010desk\u00e9ho kraje jednotlivc\u016f dorostu, junior\u016f&hellip;<\/p>\n","protected":false},"author":3,"featured_media":719,"comment_status":"closed","ping_status":"closed","sticky":false,"template":"","format":"standard","meta":{"footnotes":""},"categories":[1],"tags":[],"jetpack_sharing_enabled":true,"jetpack_featured_media_url":"http:\/\/pkas.cz\/wp-content\/uploads\/2020\/01\/PKAS_square-e1582581538755.png","_links":{"self":[{"href":"http:\/\/pkas.cz\/index.php?rest_route=\/wp\/v2\/posts\/1224"}],"collection":[{"href":"http:\/\/pkas.cz\/index.php?rest_route=\/wp\/v2\/posts"}],"about":[{"href":"http:\/\/pkas.cz\/index.php?rest_route=\/wp\/v2\/types\/post"}],"author":[{"embeddable":true,"href":"http:\/\/pkas.cz\/index.php?rest_route=\/wp\/v2\/users\/3"}],"replies":[{"embeddable":true,"href":"http:\/\/pkas.cz\/index.php?rest_route=%2Fwp%2Fv2%2Fcomments&post=1224"}],"version-history":[{"count":3,"href":"http:\/\/pkas.cz\/index.php?rest_route=\/wp\/v2\/posts\/1224\/revisions"}],"predecessor-version":[{"id":1227,"href":"http:\/\/pkas.cz\/index.php?rest_route=\/wp\/v2\/posts\/1224\/revisions\/1227"}],"wp:featuredmedia":[{"embeddable":true,"href":"http:\/\/pkas.cz\/index.php?rest_route=\/wp\/v2\/media\/719"}],"wp:attachment":[{"href":"http:\/\/pkas.cz\/index.php?rest_route=%2Fwp%2Fv2%2Fmedia&parent=1224"}],"wp:term":[{"taxonomy":"category","embeddable":true,"href":"http:\/\/pkas.cz\/index.php?rest_route=%2Fwp%2Fv2%2Fcategories&post=1224"},{"taxonomy":"post_tag","embeddable":true,"href":"http:\/\/pkas.cz\/index.php?rest_route=%2Fwp%2Fv2%2Ftags&post=1224"}],"curies":[{"name":"wp","href":"https:\/\/api.w.org\/{rel}","templated":true}]}}