{"id":1130,"date":"2020-06-07T19:26:26","date_gmt":"2020-06-07T17:26:26","guid":{"rendered":"http:\/\/pkas.cz\/?p=1130"},"modified":"2020-06-07T19:37:51","modified_gmt":"2020-06-07T17:37:51","slug":"udalosti-prvniho-cervnoveho-vikendu","status":"publish","type":"post","link":"http:\/\/pkas.cz\/?p=1130","title":{"rendered":"Ud\u00e1losti prvn\u00edho \u010dervnov\u00e9ho v\u00edkendu"},"content":{"rendered":"\n<figure class=\"wp-block-image size-large\"><img loading=\"lazy\" decoding=\"async\" width=\"960\" height=\"540\" src=\"http:\/\/pkas.cz\/wp-content\/uploads\/2020\/06\/pkasmitink4.jpg\" alt=\"\" class=\"wp-image-1131\" srcset=\"http:\/\/pkas.cz\/wp-content\/uploads\/2020\/06\/pkasmitink4.jpg 960w, http:\/\/pkas.cz\/wp-content\/uploads\/2020\/06\/pkasmitink4-300x169.jpg 300w, http:\/\/pkas.cz\/wp-content\/uploads\/2020\/06\/pkasmitink4-768x432.jpg 768w\" sizes=\"(max-width: 960px) 100vw, 960px\" \/><figcaption>4. m\u00edtink PKAS v Doma\u017elic\u00edch<\/figcaption><\/figure>\n\n\n\n<p>Prvn\u00ed \u010dervnov\u00fd t\u00fdden za\u010dala  ofici\u00e1ln\u011b atletick\u00e1 sez\u00f3na. O v\u00edkendu se z\u00e1vodilo na \u0159ad\u011b stadion\u016f i mimo dr\u00e1hu. P\u0159in\u00e1\u0161\u00edme p\u0159ehled z\u00e1vod\u016f s \u00fa\u010dast\u00ed atlet\u016f PKAS<\/p>\n\n\n\n<p>Doma\u017elice hostily 4. m\u00edtink PKAS. P\u0159in\u00e1\u0161\u00edme jeho <a rel=\"noreferrer noopener\" href=\"https:\/\/online.atletika.cz\/kalendar\/vysledky\/1\" target=\"_blank\">V\u00ddSLEDKY<\/a>  <br>V p\u0159edprogramu prob\u011bhl i \u017e\u00e1kovsk\u00e9 z\u00e1vody &#8211; <a rel=\"noreferrer noopener\" href=\"https:\/\/online.atletika.cz\/vysledky\/44140\" target=\"_blank\">V\u00ddSLEDKY<\/a><\/p>\n\n\n\n<p>Na Doma\u017elicku se b\u011b\u017eel je\u0161t\u011b jeden tradi\u010dn\u00ed z\u00e1vod, tentokr\u00e1t mimo dr\u00e1hu. V ned\u011bli se konal B\u011bh na \u010cerchov, kter\u00fd m\u016f\u017eeme ozna\u010dit jako nejn\u00e1ro\u010dn\u011bj\u0161\u00ed b\u011bh do vrchu v Plze\u0148sk\u00e9m kraji. Na 10 km mus\u00ed z\u00e1vodn\u00edci p\u0159ekonat cca 600m p\u0159ev\u00fd\u0161en\u00ed. <br>O v\u00edt\u011bz\u00edch bylo jasno ji\u017e v polovin\u011b z\u00e1vodu &#8211; Jirka Voj\u00e1k a Kate\u0159ina Raz\u00fdmov\u00e1 prok\u00e1zali svoji formu. <a rel=\"noreferrer noopener\" href=\"http:\/\/V\u00fdsledky\" target=\"_blank\">V\u00ddSLEDKY  <\/a>  <\/p>\n\n\n\n<p>Vrha\u010di m\u011bli sv\u016fj m\u00edtink pod patronac\u00ed PKAS v N\u00fd\u0159anech. Zde se p\u0159edvedla ve velice dobr\u00e9 form\u011b Lenka Vale\u0161ov\u00e1, kdy\u017e se prezentovala 14 metrov\u00fdm pokusem v kouli a za 63m v kladivu.<br>P\u0159in\u00e1\u0161\u00edme rovn\u011b\u017e <a href=\"http:\/\/pkas.cz\/wp-content\/uploads\/2020\/06\/5mitinkpkas.pdf\" target=\"_blank\" rel=\"noreferrer noopener\">V\u00ddSLEDKY<\/a><\/p>\n\n\n\n<p>Rozb\u011bhl se i krajsk\u00fd v\u00edceboj p\u0159\u00edpravek. Prvn\u00ed ze t\u0159\u00ed skupin seuskute\u010dnila na \u0160kodovce<br><a rel=\"noreferrer noopener\" href=\"https:\/\/online.atletika.cz\/vysledky\/44563\" target=\"_blank\">V\u00ddSLEDKY<\/a><br>Dal\u0161\u00ed skupiny jsou na programu v z\u00e1\u0159\u00ed. <\/p>\n","protected":false},"excerpt":{"rendered":"<p>Prvn\u00ed \u010dervnov\u00fd t\u00fdden za\u010dala ofici\u00e1ln\u011b atletick\u00e1 sez\u00f3na. O v\u00edkendu se z\u00e1vodilo na \u0159ad\u011b stadion\u016f i mimo dr\u00e1hu. P\u0159in\u00e1\u0161\u00edme p\u0159ehled z\u00e1vod\u016f s \u00fa\u010dast\u00ed atlet\u016f PKAS Doma\u017elice&hellip;<\/p>\n","protected":false},"author":2,"featured_media":1131,"comment_status":"closed","ping_status":"closed","sticky":false,"template":"","format":"standard","meta":{"footnotes":""},"categories":[1],"tags":[],"jetpack_sharing_enabled":true,"jetpack_featured_media_url":"http:\/\/pkas.cz\/wp-content\/uploads\/2020\/06\/pkasmitink4.jpg","_links":{"self":[{"href":"http:\/\/pkas.cz\/index.php?rest_route=\/wp\/v2\/posts\/1130"}],"collection":[{"href":"http:\/\/pkas.cz\/index.php?rest_route=\/wp\/v2\/posts"}],"about":[{"href":"http:\/\/pkas.cz\/index.php?rest_route=\/wp\/v2\/types\/post"}],"author":[{"embeddable":true,"href":"http:\/\/pkas.cz\/index.php?rest_route=\/wp\/v2\/users\/2"}],"replies":[{"embeddable":true,"href":"http:\/\/pkas.cz\/index.php?rest_route=%2Fwp%2Fv2%2Fcomments&post=1130"}],"version-history":[{"count":3,"href":"http:\/\/pkas.cz\/index.php?rest_route=\/wp\/v2\/posts\/1130\/revisions"}],"predecessor-version":[{"id":1135,"href":"http:\/\/pkas.cz\/index.php?rest_route=\/wp\/v2\/posts\/1130\/revisions\/1135"}],"wp:featuredmedia":[{"embeddable":true,"href":"http:\/\/pkas.cz\/index.php?rest_route=\/wp\/v2\/media\/1131"}],"wp:attachment":[{"href":"http:\/\/pkas.cz\/index.php?rest_route=%2Fwp%2Fv2%2Fmedia&parent=1130"}],"wp:term":[{"taxonomy":"category","embeddable":true,"href":"http:\/\/pkas.cz\/index.php?rest_route=%2Fwp%2Fv2%2Fcategories&post=1130"},{"taxonomy":"post_tag","embeddable":true,"href":"http:\/\/pkas.cz\/index.php?rest_route=%2Fwp%2Fv2%2Ftags&post=1130"}],"curies":[{"name":"wp","href":"https:\/\/api.w.org\/{rel}","templated":true}]}}