{"id":1114,"date":"2020-06-05T12:57:43","date_gmt":"2020-06-05T10:57:43","guid":{"rendered":"http:\/\/pkas.cz\/?p=1114"},"modified":"2020-06-05T12:58:48","modified_gmt":"2020-06-05T10:58:48","slug":"pomoc-a-zapojeni-do-petice-dokonceni-atleticke-haly-v-brne-bohunicich","status":"publish","type":"post","link":"http:\/\/pkas.cz\/?p=1114","title":{"rendered":"Pomoc a zapojen\u00ed do petice \u201eDokon\u010den\u00ed Atletick\u00e9 haly v Brn\u011b \u2013 Bohunic\u00edch,\u201c"},"content":{"rendered":"\n<p>Pomoc a zapojen\u00ed do petice \u201eDokon\u010den\u00ed Atletick\u00e9 haly v Brn\u011b \u2013 Bohunic\u00edch,\u201c<\/p>\n\n\n\n<p>V sou\u010dasn\u00e9 dob\u011b jsme mohli zaznamenat \u017e\u00e1dost o pomoc a zapojen\u00ed do petice \u201e<strong>Za dokon\u010den\u00ed strategick\u00e9ho projektu Atletick\u00e9 haly kampus v Brn\u011b \u2013 Bohunic\u00edch,<\/strong>\u201c kterou pod\u00e1v\u00e1 peti\u010dn\u00ed v\u00fdbor a Jihomoravsk\u00fd krajsk\u00fd atletick\u00fd svaz za pln\u00e9 podpory \u010cesk\u00e9ho atletick\u00e9ho svazu.<\/p>\n\n\n\n<p>Odkaz na vyj\u00e1d\u0159en\u00ed a \u017e\u00e1dost o pomoc p\u0159edsedy JMKAS a p\u0159edsedy AK Vy\u0161kov pana Ing. Lubo\u0161e Stloukala:<\/p>\n\n\n\n<figure class=\"wp-block-embed-youtube wp-block-embed is-type-video is-provider-youtube wp-embed-aspect-16-9 wp-has-aspect-ratio\"><div class=\"wp-block-embed__wrapper\">\n<iframe loading=\"lazy\" title=\"#prohalu - Petice za dokon\u010den\u00ed v\u00fdstavby atletick\u00e9 haly v Brn\u011b\" width=\"843\" height=\"474\" src=\"https:\/\/www.youtube.com\/embed\/mJSxuot6cS8?feature=oembed\" frameborder=\"0\" allow=\"accelerometer; autoplay; encrypted-media; gyroscope; picture-in-picture\" allowfullscreen><\/iframe>\n<\/div><\/figure>\n\n\n\n<p>V r\u00e1mci Va\u0161ich tr\u00e9nink\u016f, sch\u016fz\u00ed, z\u00e1vod\u016f m\u016f\u017eete d\u00e1t k podpisu n\u00ed\u017ee uveden\u00fd podpisov\u00fd arch. Ve\u0161ker\u00e9 dokumenty ke sta\u017een\u00ed zde: <\/p>\n\n\n\n<p><a href=\"http:\/\/pkas.cz\/wp-content\/uploads\/2020\/06\/Dopis-petice-odd\u00edly.pdf\">Dopis petice odd\u00edly<\/a>,  <a href=\"http:\/\/pkas.cz\/wp-content\/uploads\/2020\/06\/Text-petice-hala-Brno.pdf\">Text petice<\/a>, <a href=\"http:\/\/pkas.cz\/wp-content\/uploads\/2020\/06\/V01_petice_arch.pdf\">Podpisov\u00fd arch<\/a> <\/p>\n\n\n\n<p><\/p>\n\n\n\n<figure class=\"wp-block-gallery columns-1 is-cropped wp-block-gallery-1 is-layout-flex wp-block-gallery-is-layout-flex\"><ul class=\"blocks-gallery-grid\"><li class=\"blocks-gallery-item\"><figure><img loading=\"lazy\" decoding=\"async\" width=\"630\" height=\"354\" src=\"http:\/\/pkas.cz\/wp-content\/uploads\/2020\/06\/1708-atleticka-hala-camera_denik-630-16x9-2.jpg\" alt=\"\" data-id=\"1123\" data-full-url=\"http:\/\/pkas.cz\/wp-content\/uploads\/2020\/06\/1708-atleticka-hala-camera_denik-630-16x9-2.jpg\" data-link=\"http:\/\/pkas.cz\/?attachment_id=1123\" class=\"wp-image-1123\" srcset=\"http:\/\/pkas.cz\/wp-content\/uploads\/2020\/06\/1708-atleticka-hala-camera_denik-630-16x9-2.jpg 630w, http:\/\/pkas.cz\/wp-content\/uploads\/2020\/06\/1708-atleticka-hala-camera_denik-630-16x9-2-300x169.jpg 300w\" sizes=\"(max-width: 630px) 100vw, 630px\" \/><\/figure><\/li><\/ul><figcaption class=\"blocks-gallery-caption\"><strong>N\u00e1vrh Atletick\u00e9 haly kampus v Brn\u011b \u2013 Bohunic\u00edch<\/strong><\/figcaption><\/figure>\n\n\n\n<p><\/p>\n","protected":false},"excerpt":{"rendered":"<p>Pomoc a zapojen\u00ed do petice \u201eDokon\u010den\u00ed Atletick\u00e9 haly v Brn\u011b \u2013 Bohunic\u00edch,\u201c V sou\u010dasn\u00e9 dob\u011b jsme mohli zaznamenat \u017e\u00e1dost o pomoc a zapojen\u00ed do petice&hellip;<\/p>\n","protected":false},"author":3,"featured_media":1123,"comment_status":"closed","ping_status":"closed","sticky":false,"template":"","format":"standard","meta":{"footnotes":""},"categories":[1],"tags":[],"jetpack_sharing_enabled":true,"jetpack_featured_media_url":"http:\/\/pkas.cz\/wp-content\/uploads\/2020\/06\/1708-atleticka-hala-camera_denik-630-16x9-2.jpg","_links":{"self":[{"href":"http:\/\/pkas.cz\/index.php?rest_route=\/wp\/v2\/posts\/1114"}],"collection":[{"href":"http:\/\/pkas.cz\/index.php?rest_route=\/wp\/v2\/posts"}],"about":[{"href":"http:\/\/pkas.cz\/index.php?rest_route=\/wp\/v2\/types\/post"}],"author":[{"embeddable":true,"href":"http:\/\/pkas.cz\/index.php?rest_route=\/wp\/v2\/users\/3"}],"replies":[{"embeddable":true,"href":"http:\/\/pkas.cz\/index.php?rest_route=%2Fwp%2Fv2%2Fcomments&post=1114"}],"version-history":[{"count":9,"href":"http:\/\/pkas.cz\/index.php?rest_route=\/wp\/v2\/posts\/1114\/revisions"}],"predecessor-version":[{"id":1129,"href":"http:\/\/pkas.cz\/index.php?rest_route=\/wp\/v2\/posts\/1114\/revisions\/1129"}],"wp:featuredmedia":[{"embeddable":true,"href":"http:\/\/pkas.cz\/index.php?rest_route=\/wp\/v2\/media\/1123"}],"wp:attachment":[{"href":"http:\/\/pkas.cz\/index.php?rest_route=%2Fwp%2Fv2%2Fmedia&parent=1114"}],"wp:term":[{"taxonomy":"category","embeddable":true,"href":"http:\/\/pkas.cz\/index.php?rest_route=%2Fwp%2Fv2%2Fcategories&post=1114"},{"taxonomy":"post_tag","embeddable":true,"href":"http:\/\/pkas.cz\/index.php?rest_route=%2Fwp%2Fv2%2Ftags&post=1114"}],"curies":[{"name":"wp","href":"https:\/\/api.w.org\/{rel}","templated":true}]}}