{"id":1095,"date":"2020-06-03T08:59:21","date_gmt":"2020-06-03T06:59:21","guid":{"rendered":"http:\/\/pkas.cz\/?p=1095"},"modified":"2020-06-10T11:32:03","modified_gmt":"2020-06-10T09:32:03","slug":"spolu-na-startu-prehled-vysledku","status":"publish","type":"post","link":"http:\/\/pkas.cz\/?p=1095","title":{"rendered":"Spolu na startu &#8211; P\u0159ehled v\u00fdsledk\u016f"},"content":{"rendered":"\n<figure class=\"wp-block-gallery columns-1 is-cropped wp-block-gallery-1 is-layout-flex wp-block-gallery-is-layout-flex\"><ul class=\"blocks-gallery-grid\"><li class=\"blocks-gallery-item\"><figure><img loading=\"lazy\" decoding=\"async\" width=\"450\" height=\"600\" src=\"http:\/\/pkas.cz\/wp-content\/uploads\/2020\/05\/99425962_828666934287454_708283327366299648_n.jpg\" alt=\"\" data-id=\"1064\" data-full-url=\"http:\/\/pkas.cz\/wp-content\/uploads\/2020\/05\/99425962_828666934287454_708283327366299648_n.jpg\" data-link=\"http:\/\/pkas.cz\/?attachment_id=1064\" class=\"wp-image-1064\" srcset=\"http:\/\/pkas.cz\/wp-content\/uploads\/2020\/05\/99425962_828666934287454_708283327366299648_n.jpg 450w, http:\/\/pkas.cz\/wp-content\/uploads\/2020\/05\/99425962_828666934287454_708283327366299648_n-225x300.jpg 225w\" sizes=\"(max-width: 450px) 100vw, 450px\" \/><\/figure><\/li><\/ul><\/figure>\n\n\n\n<p>Sez\u00f3na zda\u0159ile odstartovala prvn\u00edm \u010dervnem. Nejen den d\u011bt\u00ed na z\u00e1pado\u010desk\u00e9 stadiony p\u0159il\u00e1kal celou \u0159adu atletick\u00fdch nad\u011bj\u00ed od nejmen\u0161\u00edch a\u017e po \u010desk\u00e9 reprezentanty. P\u0159in\u00e1\u0161\u00edme p\u0159ehled, kde se startovalo spolu s dostupn\u00fdmi v\u00fdsledky<\/p>\n\n\n\n<p>Plze\u0148 &#8211; NAD REGION\u00c1LN\u00cd M\u00cdTINK SE KONAL V PLZNI V \u010cELE s Janem Kudli\u010dkou a dal\u0161\u00edmi reprezentanty<\/p>\n\n\n\n<p><a href=\"http:\/\/online.atletika.cz\/vysledky\/44312\">V\u00ddSLEDKY<\/a><br><a href=\"https:\/\/l.facebook.com\/l.php?u=https%3A%2F%2Fwww.plzen.cz%2Fatleticka-sezona-odstartovala-v-plzni%2F%3Ffbclid%3DIwAR0ryu-t5sgkdEX4lH7qtrVYw2zAIzoBzH5oQgDOnZwdHCC_ut1QDq1X4f4&amp;h=AT3jT3mXA8Jw3-YdRiCt3rVoVA55B063gpo2jNNr-RiAQIz1C_-RstN4Y5wZdYOhkd2d9JC8CrIQiEZOiLa6dkswcYp27w0x_S8OC5QO_J_XiPVdHMMPuJoE8yP-kmuFLhMsM-X8fdwhX_81b-9JQAYZiHLbcG2AjjnJlyLfs36bV2d7YjFUljkJSnM3-qOh_z8f6dYmyU9kFmNTBB_UXFleM6WMxMif5zjUrq4weIOfoSwyu-TaSGbBOzIQvPUM9wSO7Ayi2BItzHXIQh80Sf68aMsyx2xSFduFTjItnUig1Bb_MmI0baRDjiLfUjkypyNv-62TQhghw2bDzCASpb0nSzZzcvq8ro1Ms9eMGz0UP1Sapg-c6kwrdx7gfjstljZ7aiD31bRfOCPt5ISwIm3j_79xJjgSSaK7AvWD73iYTcAlqc3fjME-_xM0z11fTGvfWHyEGj1ZJdZd-Z_CJKNyoTuyusJMqiEI-fNp9CpSiSSImwOl6kz5CdM8Gb90wcX23Vh97Msnvg7dAHzuSwvITq4VsBg92AKZFtasjuCMrB357aPj7fAk3HhHLVkI4GZfVbQLhXwcZq5yMkI7YwAmE_NymQlgOBAWCTNz95K-QEkV4QDgPP9n8v3Sw7Rg1p8\" target=\"_blank\" rel=\"noreferrer noopener\">NAPSALI  NA PLZEN.CZ<\/a><br><a rel=\"noreferrer noopener\" href=\"https:\/\/l.facebook.com\/l.php?u=https%3A%2F%2Fplzen.rozhlas.cz%2Fprojektem-spolu-na-startu-zacala-atleticka-sezona-8216658%3Ffbclid%3DIwAR0HLzcGFigJ1sjPvbJvvxyTt-2-E-7P9yS5Vh3UWQoep2kjbrWcGJRZY8Q&amp;h=AT1TWgOaNGsjooX1nalAAiJsbTs1ziXmR5DR50gLjYcXcI2ClKwQB-EwPO70mj7FmgOsiAapHJnCaHifDhpXOx4N43LVdrlVUjHKArzVw1IwoSYrhnowej5xdFDZlH6TEcJtiEAO30tEP_r_roa709drUpsMQMryZ6AdR6tXD_UtcfMGmhNVLIMuTC59KPcSbHcuAs8GSAKu0ZWTn6o6S5G9jW0iR7HF4ltZhxXiaEQtx2ZsqD0aegI8a9p5yvrzBvINCfRQey4dMsqdDa2S0Kk9Hk_ZK08L7GNRtl8Tb-8xa6d7LR291tl8vaBJ1wdD4e86WiWS-Ybt6f-gWd-uOmxPeI01p-zPBsKROV0w2DCd_9s8UoSTjbucO4rvEO6j0Z-8J_eF0K14rsKTpS9_md08Wn7KobNc4AsU4Fkf6ZN6cKLkK3Kx_cY1GWxAubnoD76OJVmukf2ERHwI01-0cyAPNokFkDKIPiEXiyzyUU9TeAX1fHTi8wP3-LtD6fM5V6IvHwJIIR0mQf0de96W6o_LeBMfSgSow72MwRtRxact3TanIhozgMkylUjwAsOaNq8lnM1xEljqABwgO0EqsOcUruqqVnp5MAPL3igPnstek6UfxPzdxfiGKjpMkGlJI_M\" target=\"_blank\">OHLASY Z REGION\u00c1LN\u00cdHO ROZHLASU <\/a><\/p>\n\n\n\n<p>\u017dACTVO Z\u00c1VODILO na  PET\u0158\u00cdN\u011a<br><a href=\"https:\/\/online.atletika.cz\/vysledky\/44313\">V\u00ddSLEDKY<\/a><\/p>\n\n\n\n<p>I ST\u0158\u00cdBRO M\u011aLO BOHATOU \u00da\u010cAST SV\u00ddCH Z\u00c1VODN\u00cdK\u016e <br><a href=\"https:\/\/online.atletika.cz\/vysledky\/44316\">V\u00ddSLEDKY<\/a><\/p>\n\n\n\n<p>Spole\u010dn\u00fd m\u00edtink po\u0159\u00e1dali v Su\u0161ici dom\u00e1c\u00ed s AKM Viktoria <br><a href=\"https:\/\/online.atletika.cz\/vysledky\/44317\">V\u00ddSLEDKY<\/a><\/p>\n\n\n\n<p>Klatovy hostily tak\u00e9 sv\u016fj klubov\u00fd m\u00edtink<br><a href=\"https:\/\/online.atletika.cz\/vysledky\/44309\">V\u00ddSLEDKY<\/a><\/p>\n\n\n\n<p>P\u0159\u00edpravky AC se utkaly v Doma\u017elic\u00edch. <br><a rel=\"noreferrer noopener\" href=\"https:\/\/online.atletika.cz\/vysledky\/44308\" target=\"_blank\">V\u00ddSLEDKY<\/a><\/p>\n\n\n\n<p>Rokycany hostily mal\u00fd m\u00edtink pro sv\u00e9 nad\u011bje<br><a href=\"https:\/\/online.atletika.cz\/vysledky\/44314\">V\u00ddSLEDKY<\/a><\/p>\n\n\n\n<p>P\u0159\u00edpravk\u00e1m p\u0159ipravil program i klub Rozb\u011bh\u00e1me \u010cesko<br><a href=\"https:\/\/online.atletika.cz\/vysledky\/44484\">V\u00ddSLEDKY<\/a><\/p>\n\n\n\n<p>M\u00cdLA\u0158I DOMA\u017dLICE se postavili na start na stadionku ve Sta\u0148kov\u011b<br><a href=\"https:\/\/online.atletika.cz\/vysledky\/44315\" target=\"_blank\" rel=\"noreferrer noopener\">V\u00ddSLEDKY <\/a><\/p>\n\n\n\n<p>Z nov\u00fdch klub\u016f z\u00e1vody uspo\u0159\u00e1dali v N\u00fdrsku ve sportovn\u00edm are\u00e1lu pod sjezdovkou<br><a rel=\"noreferrer noopener\" href=\"https:\/\/online.atletika.cz\/vysledky\/44311\" target=\"_blank\">V\u00ddSLEDKY<\/a><br><a href=\"https:\/\/www.facebook.com\/buvolssteam\/?__tn__=kCH-R&amp;eid=ARAMyKr_DOoYORrvJJzf7QpYskgZznmfIya-XEj6pIv5AZLApJuVx4oPy9e0LuAdDD7jZCSHUxNQFvXy&amp;hc_ref=ARRITwZ16M1rCgqDctUi3_hfarhU3fE95WnPFw2FYXlhWZq_hrWH-Vda6pCAdcwrlGw&amp;fref=nf&amp;__xts__%5B0%5D=68.ARAE2ngERXKWSOJ-8jiKbVuWpfZpQmhIRMKegUzMP8dM2P-bzssmz7Ubi3MTOvuAAxFj5gsVGHD3zj2za3R733PY1mVOetZkpUSRHQvLEoYrOsto5ZxaEoWus0t9tIBNpt2xesaIMVspOdbTF2bsVho-wmdkDL0jdKdh_loAY3ShM9Agx1cwRym8z8u0OUm0F7lsIoYjKqqtyPHiS0c-AgbxL-5W6X3LAoo6B-uEoc67T7cXFW8eT3axpdgF-2FVNeb0X_bPhH3tIhofoVpGzo8z6UkZP7RdEI1NDj2R4e7DPPS2jMFm3nc5ZWtmOc4xTOgJ-1uQALG_zvCM04OstdRY4pKYdag365Sx3MiYpIntyzQ3IAhnoMFcSyfnjiZG2_BswekP6kC5cJMXCNWNLJgQRrKBC0YW8uz23rEtl7bzh3MVhERok6tTZTNpXpSLJogwHmWuulxOOAAONez8eSKBoVpzeDIW_llbVw_9VIULa8_RkXa_pElqhUQOit4\">Video <\/a><\/p>\n\n\n\n<p>O tachovsk\u00e9m z\u00e1vod\u011b informuj\u00ed m\u00edstn\u00ed <a href=\"https:\/\/www.facebook.com\/ddmtachov\/?__tn__=kCH-R&amp;eid=ARDAondLtDIVsNctGEaG8jXYc5xdOwLFtVZK3GDpzauKT9AjyRCSHVmcTkvESKdxkh7VUSlrbN6Jak4X&amp;hc_ref=ARQ58Kh-CCXOPSXqGp9Ggi1sv0HexJoFM82cCduMXkmf5KRSkTBm96EMxc_MNrZPTeY&amp;ref=nf_target&amp;__xts__%5B0%5D=68.ARA7zjaHjeNaHVgpraPi9y5IctyHlGj6z5OrKc0tA6w1h4541i_QnPW71i6ctdqg_TlfdeMczoMTM4_9dNjUttkOqWvYBMtrvGfMC9NfPDQ-zFKEbn60zLhqpGYQOrMD-7gTEwxxxyI3z-jwAHlQ3y2mK__YjLb71nK5ppHVCJ9ENP63gn1oxDwBxJTUvPxIdfG0wsVjUn-az64LI0A0gFWDPomwGPP6nEmlSuQrtUOVmYpmj-xFQ2kLHWNsGk87X4uKasV1OK09-67SoEQoGyPcvFSNyAzlzzRU7IyRsh4miHKPZbB1V569It8DxvJ62JNpivsY74S8ELwVHa_T_fgysS5IbjAXjS09g-4yaV3A8ZsZB3oi8sPHCVm4VBcLGRUExgPBoTWiYUaYfHugVUV6BgkRDwD5SBbszQuFLvbCBLf_lbFXO5cfHuEHZgJ62hwuNMNZXTGgAkMJe4uSfZcNFCcyFmsx8D5MUkFsjtoAk0UuIn4\">ZDE<\/a><br><a rel=\"noreferrer noopener\" href=\"https:\/\/online.atletika.cz\/vysledky\/44319\" target=\"_blank\">V\u00ddSLEDKY<\/a><\/p>\n\n\n\n<p>a kone\u010dn\u011b i v Kralovic\u00edch se z\u00e1vodilo<br><a href=\"https:\/\/online.atletika.cz\/vysledky\/44310\">V\u00ddSLEDKY<\/a><\/p>\n\n\n\n<p>Sez\u00f3na zah\u00e1jena a te\u010f ji\u017e kvapem za dal\u0161\u00edmi \u010dervnov\u00fdmi z\u00e1vody &#8211; O v\u00edkendu m\u00edtinky PKAS, d\u00e1le dru\u017estva mlad\u0161\u00edho \u017eactva, OM jednotlivc\u016f mlad\u0161\u00edch a star\u0161\u00edch \u017e\u00e1k\u016f, OM ve v\u00edceboj\u00edch v\u0161ech kategori\u00ed, OMD star\u0161\u00edho \u017eactva i dorostu a junior\u016f a prvn\u00ed blok n\u00e1sledn\u011b vyvrchol\u00ed v \u010dervenci koly dru\u017estev dosp\u011bl\u00fdch sout\u011b\u017e\u00ed.  <\/p>\n\n\n\n<figure class=\"wp-block-gallery columns-1 is-cropped wp-block-gallery-2 is-layout-flex wp-block-gallery-is-layout-flex\"><ul class=\"blocks-gallery-grid\"><li class=\"blocks-gallery-item\"><figure><img loading=\"lazy\" decoding=\"async\" width=\"1024\" height=\"683\" src=\"http:\/\/pkas.cz\/wp-content\/uploads\/2020\/06\/ddm-kralovice-1024x683.jpg\" alt=\"\" data-id=\"1102\" data-full-url=\"http:\/\/pkas.cz\/wp-content\/uploads\/2020\/06\/ddm-kralovice.jpg\" data-link=\"http:\/\/pkas.cz\/?attachment_id=1102\" class=\"wp-image-1102\" srcset=\"http:\/\/pkas.cz\/wp-content\/uploads\/2020\/06\/ddm-kralovice-1024x683.jpg 1024w, http:\/\/pkas.cz\/wp-content\/uploads\/2020\/06\/ddm-kralovice-300x200.jpg 300w, http:\/\/pkas.cz\/wp-content\/uploads\/2020\/06\/ddm-kralovice-768x512.jpg 768w, http:\/\/pkas.cz\/wp-content\/uploads\/2020\/06\/ddm-kralovice-391x260.jpg 391w, http:\/\/pkas.cz\/wp-content\/uploads\/2020\/06\/ddm-kralovice-1536x1024.jpg 1536w, http:\/\/pkas.cz\/wp-content\/uploads\/2020\/06\/ddm-kralovice.jpg 2048w\" sizes=\"(max-width: 1024px) 100vw, 1024px\" \/><\/figure><\/li><\/ul><figcaption class=\"blocks-gallery-caption\">Spolu na startu &#8211; DDM Kralovice<br><br><\/figcaption><\/figure>\n\n\n\n<figure class=\"wp-block-gallery columns-1 is-cropped wp-block-gallery-3 is-layout-flex wp-block-gallery-is-layout-flex\"><ul class=\"blocks-gallery-grid\"><li class=\"blocks-gallery-item\"><figure><img loading=\"lazy\" decoding=\"async\" width=\"1000\" height=\"750\" src=\"http:\/\/pkas.cz\/wp-content\/uploads\/2020\/06\/\u0161koda.jpg\" alt=\"\" data-id=\"1108\" data-full-url=\"http:\/\/pkas.cz\/wp-content\/uploads\/2020\/06\/\u0161koda.jpg\" data-link=\"http:\/\/pkas.cz\/?attachment_id=1108\" class=\"wp-image-1108\" srcset=\"http:\/\/pkas.cz\/wp-content\/uploads\/2020\/06\/\u0161koda.jpg 1000w, http:\/\/pkas.cz\/wp-content\/uploads\/2020\/06\/\u0161koda-300x225.jpg 300w, http:\/\/pkas.cz\/wp-content\/uploads\/2020\/06\/\u0161koda-768x576.jpg 768w\" sizes=\"(max-width: 1000px) 100vw, 1000px\" \/><\/figure><\/li><\/ul><figcaption class=\"blocks-gallery-caption\">Spolu na startu &#8211; AK \u0160koda Plze\u0148 <br><br><br><\/figcaption><\/figure>\n\n\n\n<figure class=\"wp-block-gallery columns-1 is-cropped wp-block-gallery-4 is-layout-flex wp-block-gallery-is-layout-flex\"><ul class=\"blocks-gallery-grid\"><li class=\"blocks-gallery-item\"><figure><img loading=\"lazy\" decoding=\"async\" width=\"720\" height=\"960\" src=\"http:\/\/pkas.cz\/wp-content\/uploads\/2020\/06\/Pet\u0159\u00edn.jpg\" alt=\"\" data-id=\"1107\" data-full-url=\"http:\/\/pkas.cz\/wp-content\/uploads\/2020\/06\/Pet\u0159\u00edn.jpg\" data-link=\"http:\/\/pkas.cz\/?attachment_id=1107\" class=\"wp-image-1107\" srcset=\"http:\/\/pkas.cz\/wp-content\/uploads\/2020\/06\/Pet\u0159\u00edn.jpg 720w, http:\/\/pkas.cz\/wp-content\/uploads\/2020\/06\/Pet\u0159\u00edn-225x300.jpg 225w\" sizes=\"(max-width: 720px) 100vw, 720px\" \/><\/figure><\/li><\/ul><figcaption class=\"blocks-gallery-caption\">Spolu na startu &#8211; TJ Sokol SG Plze\u0148 Pet\u0159\u00edn <\/figcaption><\/figure>\n\n\n\n<figure class=\"wp-block-gallery columns-1 is-cropped wp-block-gallery-5 is-layout-flex wp-block-gallery-is-layout-flex\"><ul class=\"blocks-gallery-grid\"><li class=\"blocks-gallery-item\"><figure><img loading=\"lazy\" decoding=\"async\" width=\"960\" height=\"960\" src=\"http:\/\/pkas.cz\/wp-content\/uploads\/2020\/06\/Klatovy.jpg\" alt=\"\" data-id=\"1106\" data-full-url=\"http:\/\/pkas.cz\/wp-content\/uploads\/2020\/06\/Klatovy.jpg\" data-link=\"http:\/\/pkas.cz\/?attachment_id=1106\" class=\"wp-image-1106\" srcset=\"http:\/\/pkas.cz\/wp-content\/uploads\/2020\/06\/Klatovy.jpg 960w, http:\/\/pkas.cz\/wp-content\/uploads\/2020\/06\/Klatovy-300x300.jpg 300w, http:\/\/pkas.cz\/wp-content\/uploads\/2020\/06\/Klatovy-150x150.jpg 150w, http:\/\/pkas.cz\/wp-content\/uploads\/2020\/06\/Klatovy-768x768.jpg 768w\" sizes=\"(max-width: 960px) 100vw, 960px\" \/><\/figure><\/li><\/ul><figcaption class=\"blocks-gallery-caption\">Spolu na startu- Atletika Klatovy<br><\/figcaption><\/figure>\n\n\n\n<figure class=\"wp-block-gallery columns-1 is-cropped wp-block-gallery-6 is-layout-flex wp-block-gallery-is-layout-flex\"><ul class=\"blocks-gallery-grid\"><li class=\"blocks-gallery-item\"><figure><img loading=\"lazy\" decoding=\"async\" width=\"1024\" height=\"576\" src=\"http:\/\/pkas.cz\/wp-content\/uploads\/2020\/06\/IMG_20200601_162157_1-1024x576.jpg\" alt=\"\" data-id=\"1105\" data-full-url=\"http:\/\/pkas.cz\/wp-content\/uploads\/2020\/06\/IMG_20200601_162157_1-scaled.jpg\" data-link=\"http:\/\/pkas.cz\/?attachment_id=1105\" class=\"wp-image-1105\" srcset=\"http:\/\/pkas.cz\/wp-content\/uploads\/2020\/06\/IMG_20200601_162157_1-1024x576.jpg 1024w, http:\/\/pkas.cz\/wp-content\/uploads\/2020\/06\/IMG_20200601_162157_1-300x169.jpg 300w, http:\/\/pkas.cz\/wp-content\/uploads\/2020\/06\/IMG_20200601_162157_1-768x432.jpg 768w, http:\/\/pkas.cz\/wp-content\/uploads\/2020\/06\/IMG_20200601_162157_1-1536x864.jpg 1536w, http:\/\/pkas.cz\/wp-content\/uploads\/2020\/06\/IMG_20200601_162157_1-2048x1152.jpg 2048w\" sizes=\"(max-width: 1024px) 100vw, 1024px\" \/><\/figure><\/li><\/ul><figcaption class=\"blocks-gallery-caption\">Spolu na startu &#8211; AC Doma\u017elice<br><br><\/figcaption><\/figure>\n\n\n\n<figure class=\"wp-block-gallery columns-1 is-cropped wp-block-gallery-7 is-layout-flex wp-block-gallery-is-layout-flex\"><ul class=\"blocks-gallery-grid\"><li class=\"blocks-gallery-item\"><figure><img loading=\"lazy\" decoding=\"async\" width=\"1024\" height=\"576\" src=\"http:\/\/pkas.cz\/wp-content\/uploads\/2020\/06\/IMG_20200601_150236-1024x576.jpg\" alt=\"\" data-id=\"1104\" data-full-url=\"http:\/\/pkas.cz\/wp-content\/uploads\/2020\/06\/IMG_20200601_150236-scaled.jpg\" data-link=\"http:\/\/pkas.cz\/?attachment_id=1104\" class=\"wp-image-1104\" srcset=\"http:\/\/pkas.cz\/wp-content\/uploads\/2020\/06\/IMG_20200601_150236-1024x576.jpg 1024w, http:\/\/pkas.cz\/wp-content\/uploads\/2020\/06\/IMG_20200601_150236-300x169.jpg 300w, http:\/\/pkas.cz\/wp-content\/uploads\/2020\/06\/IMG_20200601_150236-768x432.jpg 768w, http:\/\/pkas.cz\/wp-content\/uploads\/2020\/06\/IMG_20200601_150236-1536x864.jpg 1536w, http:\/\/pkas.cz\/wp-content\/uploads\/2020\/06\/IMG_20200601_150236-2048x1152.jpg 2048w\" sizes=\"(max-width: 1024px) 100vw, 1024px\" \/><\/figure><\/li><\/ul><figcaption class=\"blocks-gallery-caption\">Spolu na startu &#8211; M\u00edla\u0159i Doma\u017elice<\/figcaption><\/figure>\n\n\n\n<figure class=\"wp-block-gallery columns-1 is-cropped wp-block-gallery-8 is-layout-flex wp-block-gallery-is-layout-flex\"><ul class=\"blocks-gallery-grid\"><li class=\"blocks-gallery-item\"><figure><img loading=\"lazy\" decoding=\"async\" width=\"1024\" height=\"485\" src=\"http:\/\/pkas.cz\/wp-content\/uploads\/2020\/06\/ddm-tachov-1-1024x485.jpg\" alt=\"\" data-id=\"1109\" data-full-url=\"http:\/\/pkas.cz\/wp-content\/uploads\/2020\/06\/ddm-tachov-1.jpg\" data-link=\"http:\/\/pkas.cz\/?attachment_id=1109\" class=\"wp-image-1109\" srcset=\"http:\/\/pkas.cz\/wp-content\/uploads\/2020\/06\/ddm-tachov-1-1024x485.jpg 1024w, http:\/\/pkas.cz\/wp-content\/uploads\/2020\/06\/ddm-tachov-1-300x142.jpg 300w, http:\/\/pkas.cz\/wp-content\/uploads\/2020\/06\/ddm-tachov-1-768x364.jpg 768w, http:\/\/pkas.cz\/wp-content\/uploads\/2020\/06\/ddm-tachov-1-1536x728.jpg 1536w, http:\/\/pkas.cz\/wp-content\/uploads\/2020\/06\/ddm-tachov-1.jpg 1728w\" sizes=\"(max-width: 1024px) 100vw, 1024px\" \/><\/figure><\/li><\/ul><figcaption class=\"blocks-gallery-caption\">Spolu na startu &#8211; DDM Tachov<\/figcaption><\/figure>\n\n\n\n<p><\/p>\n","protected":false},"excerpt":{"rendered":"<p>Sez\u00f3na zda\u0159ile odstartovala prvn\u00edm \u010dervnem. Nejen den d\u011bt\u00ed na z\u00e1pado\u010desk\u00e9 stadiony p\u0159il\u00e1kal celou \u0159adu atletick\u00fdch nad\u011bj\u00ed od nejmen\u0161\u00edch a\u017e po \u010desk\u00e9 reprezentanty. P\u0159in\u00e1\u0161\u00edme p\u0159ehled, kde&hellip;<\/p>\n","protected":false},"author":2,"featured_media":1063,"comment_status":"closed","ping_status":"closed","sticky":false,"template":"","format":"standard","meta":{"footnotes":""},"categories":[1],"tags":[],"jetpack_sharing_enabled":true,"jetpack_featured_media_url":"http:\/\/pkas.cz\/wp-content\/uploads\/2020\/05\/98551344_1187390594949313_281006498857877504_n.jpg","_links":{"self":[{"href":"http:\/\/pkas.cz\/index.php?rest_route=\/wp\/v2\/posts\/1095"}],"collection":[{"href":"http:\/\/pkas.cz\/index.php?rest_route=\/wp\/v2\/posts"}],"about":[{"href":"http:\/\/pkas.cz\/index.php?rest_route=\/wp\/v2\/types\/post"}],"author":[{"embeddable":true,"href":"http:\/\/pkas.cz\/index.php?rest_route=\/wp\/v2\/users\/2"}],"replies":[{"embeddable":true,"href":"http:\/\/pkas.cz\/index.php?rest_route=%2Fwp%2Fv2%2Fcomments&post=1095"}],"version-history":[{"count":5,"href":"http:\/\/pkas.cz\/index.php?rest_route=\/wp\/v2\/posts\/1095\/revisions"}],"predecessor-version":[{"id":1153,"href":"http:\/\/pkas.cz\/index.php?rest_route=\/wp\/v2\/posts\/1095\/revisions\/1153"}],"wp:featuredmedia":[{"embeddable":true,"href":"http:\/\/pkas.cz\/index.php?rest_route=\/wp\/v2\/media\/1063"}],"wp:attachment":[{"href":"http:\/\/pkas.cz\/index.php?rest_route=%2Fwp%2Fv2%2Fmedia&parent=1095"}],"wp:term":[{"taxonomy":"category","embeddable":true,"href":"http:\/\/pkas.cz\/index.php?rest_route=%2Fwp%2Fv2%2Fcategories&post=1095"},{"taxonomy":"post_tag","embeddable":true,"href":"http:\/\/pkas.cz\/index.php?rest_route=%2Fwp%2Fv2%2Ftags&post=1095"}],"curies":[{"name":"wp","href":"https:\/\/api.w.org\/{rel}","templated":true}]}}