{"id":1090,"date":"2020-05-31T20:34:34","date_gmt":"2020-05-31T18:34:34","guid":{"rendered":"http:\/\/pkas.cz\/?p=1090"},"modified":"2020-05-31T20:34:39","modified_gmt":"2020-05-31T18:34:39","slug":"spolu-na-startu-prehled-zavodu-v-plzenskem-kraji","status":"publish","type":"post","link":"http:\/\/pkas.cz\/?p=1090","title":{"rendered":"Spolu na startu  &#8211; P\u0159ehled z\u00e1vod\u016f v Plze\u0148sk\u00e9m kraji"},"content":{"rendered":"\n<figure class=\"wp-block-image size-large is-resized\"><img loading=\"lazy\" decoding=\"async\" src=\"http:\/\/pkas.cz\/wp-content\/uploads\/2020\/05\/98551344_1187390594949313_281006498857877504_n.jpg\" alt=\"\" class=\"wp-image-1063\" width=\"260\" height=\"346\" srcset=\"http:\/\/pkas.cz\/wp-content\/uploads\/2020\/05\/98551344_1187390594949313_281006498857877504_n.jpg 450w, http:\/\/pkas.cz\/wp-content\/uploads\/2020\/05\/98551344_1187390594949313_281006498857877504_n-225x300.jpg 225w\" sizes=\"(max-width: 260px) 100vw, 260px\" \/><\/figure>\n\n\n\n<p>V pond\u011bl\u00ed 1.6. ofici\u00e1ln\u011b startuje atletick\u00e1 sez\u00f3na. P\u0159in\u00e1\u0161\u00edme p\u0159ehled z\u00e1vod\u016f, kter\u00e9 bude hostit Plze\u0148sk\u00fd kraj:<\/p>\n\n\n\n<figure class=\"wp-block-table\"><table><tbody><tr><td>Doma\u017elice<\/td><td>AC Doma\u017elice<\/td><td>Plze\u0148sk\u00fd<\/td><\/tr><tr><td>Klatovy<\/td><td>Atletika Klatovy<\/td><td>Plze\u0148sk\u00fd<\/td><\/tr><tr><td>Kralovice<\/td><td>DDM Kralovice<\/td><td>Plze\u0148sk\u00fd<\/td><\/tr><tr><td>N\u00fdrsko<\/td><td>TJ N\u00fdrsko<\/td><td>Plze\u0148sk\u00fd<\/td><\/tr><tr><td>Plze\u0148<\/td><td>AK \u0160koda Plze\u0148<\/td><td>Plze\u0148sk\u00fd<\/td><\/tr><tr><td>Plze\u0148<\/td><td>TJ Sokol SG Plze\u0148-Pet\u0159\u00edn<\/td><td>Plze\u0148sk\u00fd<\/td><\/tr><tr><td>Rokycany<\/td><td>Falcon Rokycany<\/td><td>Plze\u0148sk\u00fd<\/td><\/tr><tr><td>Sta\u0148kov<\/td><td>M\u00edla\u0159i Doma\u017elice<\/td><td>Plze\u0148sk\u00fd<\/td><\/tr><tr><td>St\u0159\u00edbro<\/td><td>TJ Ban\u00edk St\u0159\u00edbro<\/td><td>Plze\u0148sk\u00fd<\/td><\/tr><tr><td>Su\u0161ice<\/td><td>AKM Viktoria Plze\u0148<\/td><td>Plze\u0148sk\u00fd<\/td><\/tr><tr><td>Su\u0161ice<\/td><td>TJ Su\u0161ice<\/td><td>Plze\u0148sk\u00fd<\/td><\/tr><tr><td>Tachov<\/td><td>DDM Tachov<\/td><td>Plze\u0148sk\u00fd<\/td><\/tr><\/tbody><\/table><\/figure>\n\n\n\n<p>Propozice jednotliv\u00fdch z\u00e1vod\u016f na webu <a href=\"https:\/\/online.atletika.cz\/kalendar\/kalendar\/2020-06-01\" target=\"_blank\" rel=\"noreferrer noopener\">atletika.cz<\/a><\/p>\n","protected":false},"excerpt":{"rendered":"<p>V pond\u011bl\u00ed 1.6. ofici\u00e1ln\u011b startuje atletick\u00e1 sez\u00f3na. P\u0159in\u00e1\u0161\u00edme p\u0159ehled z\u00e1vod\u016f, kter\u00e9 bude hostit Plze\u0148sk\u00fd kraj: Doma\u017elice AC Doma\u017elice Plze\u0148sk\u00fd Klatovy Atletika Klatovy Plze\u0148sk\u00fd Kralovice DDM&hellip;<\/p>\n","protected":false},"author":2,"featured_media":1064,"comment_status":"closed","ping_status":"closed","sticky":false,"template":"","format":"standard","meta":{"footnotes":""},"categories":[1],"tags":[],"jetpack_sharing_enabled":true,"jetpack_featured_media_url":"http:\/\/pkas.cz\/wp-content\/uploads\/2020\/05\/99425962_828666934287454_708283327366299648_n.jpg","_links":{"self":[{"href":"http:\/\/pkas.cz\/index.php?rest_route=\/wp\/v2\/posts\/1090"}],"collection":[{"href":"http:\/\/pkas.cz\/index.php?rest_route=\/wp\/v2\/posts"}],"about":[{"href":"http:\/\/pkas.cz\/index.php?rest_route=\/wp\/v2\/types\/post"}],"author":[{"embeddable":true,"href":"http:\/\/pkas.cz\/index.php?rest_route=\/wp\/v2\/users\/2"}],"replies":[{"embeddable":true,"href":"http:\/\/pkas.cz\/index.php?rest_route=%2Fwp%2Fv2%2Fcomments&post=1090"}],"version-history":[{"count":1,"href":"http:\/\/pkas.cz\/index.php?rest_route=\/wp\/v2\/posts\/1090\/revisions"}],"predecessor-version":[{"id":1091,"href":"http:\/\/pkas.cz\/index.php?rest_route=\/wp\/v2\/posts\/1090\/revisions\/1091"}],"wp:featuredmedia":[{"embeddable":true,"href":"http:\/\/pkas.cz\/index.php?rest_route=\/wp\/v2\/media\/1064"}],"wp:attachment":[{"href":"http:\/\/pkas.cz\/index.php?rest_route=%2Fwp%2Fv2%2Fmedia&parent=1090"}],"wp:term":[{"taxonomy":"category","embeddable":true,"href":"http:\/\/pkas.cz\/index.php?rest_route=%2Fwp%2Fv2%2Fcategories&post=1090"},{"taxonomy":"post_tag","embeddable":true,"href":"http:\/\/pkas.cz\/index.php?rest_route=%2Fwp%2Fv2%2Ftags&post=1090"}],"curies":[{"name":"wp","href":"https:\/\/api.w.org\/{rel}","templated":true}]}}