{"id":1088,"date":"2020-05-31T20:30:09","date_gmt":"2020-05-31T18:30:09","guid":{"rendered":"http:\/\/pkas.cz\/?p=1088"},"modified":"2020-05-31T20:30:15","modified_gmt":"2020-05-31T18:30:15","slug":"3-mitink-pkas","status":"publish","type":"post","link":"http:\/\/pkas.cz\/?p=1088","title":{"rendered":"3. m\u00edtink PKAS"},"content":{"rendered":"\n<figure class=\"wp-block-image size-large\"><img loading=\"lazy\" decoding=\"async\" width=\"533\" height=\"321\" src=\"http:\/\/pkas.cz\/wp-content\/uploads\/2020\/01\/PKAS_logo-pr\u016fhledn\u00fd.png\" alt=\"logo_new\" class=\"wp-image-717\" srcset=\"http:\/\/pkas.cz\/wp-content\/uploads\/2020\/01\/PKAS_logo-pr\u016fhledn\u00fd.png 533w, http:\/\/pkas.cz\/wp-content\/uploads\/2020\/01\/PKAS_logo-pr\u016fhledn\u00fd-300x181.png 300w\" sizes=\"(max-width: 533px) 100vw, 533px\" \/><figcaption>Nov\u00e9 logo PKAS<\/figcaption><\/figure>\n\n\n\n<p>V sobotu 30.5. hostila Su\u0161ice t\u0159et\u00ed m\u00edtink PKAS. <\/p>\n\n\n\n<p>P\u0159in\u00e1\u0161\u00edme <a href=\"http:\/\/online.atletika.cz\/vysledky\/44055\" target=\"_blank\" rel=\"noreferrer noopener\">V\u00ddSLEDKY<\/a><\/p>\n\n\n\n<p>V\u0161ichni se ji\u017e t\u011b\u0161\u00ed na 1.6., kdy bude ofici\u00e1ln\u011b zah\u00e1jena sez\u00f3na. <\/p>\n\n\n\n<p>Kde se bude z\u00e1vodit v Plze\u0148sk\u00e9m kraji, p\u0159in\u00e1\u0161\u00edme v dal\u0161\u00edm \u010dl\u00e1nku.  <\/p>\n","protected":false},"excerpt":{"rendered":"<p>V sobotu 30.5. hostila Su\u0161ice t\u0159et\u00ed m\u00edtink PKAS. P\u0159in\u00e1\u0161\u00edme V\u00ddSLEDKY V\u0161ichni se ji\u017e t\u011b\u0161\u00ed na 1.6., kdy bude ofici\u00e1ln\u011b zah\u00e1jena sez\u00f3na. Kde se bude z\u00e1vodit&hellip;<\/p>\n","protected":false},"author":2,"featured_media":717,"comment_status":"closed","ping_status":"closed","sticky":false,"template":"","format":"standard","meta":{"footnotes":""},"categories":[1],"tags":[],"jetpack_sharing_enabled":true,"jetpack_featured_media_url":"http:\/\/pkas.cz\/wp-content\/uploads\/2020\/01\/PKAS_logo-pr\u016fhledn\u00fd.png","_links":{"self":[{"href":"http:\/\/pkas.cz\/index.php?rest_route=\/wp\/v2\/posts\/1088"}],"collection":[{"href":"http:\/\/pkas.cz\/index.php?rest_route=\/wp\/v2\/posts"}],"about":[{"href":"http:\/\/pkas.cz\/index.php?rest_route=\/wp\/v2\/types\/post"}],"author":[{"embeddable":true,"href":"http:\/\/pkas.cz\/index.php?rest_route=\/wp\/v2\/users\/2"}],"replies":[{"embeddable":true,"href":"http:\/\/pkas.cz\/index.php?rest_route=%2Fwp%2Fv2%2Fcomments&post=1088"}],"version-history":[{"count":1,"href":"http:\/\/pkas.cz\/index.php?rest_route=\/wp\/v2\/posts\/1088\/revisions"}],"predecessor-version":[{"id":1089,"href":"http:\/\/pkas.cz\/index.php?rest_route=\/wp\/v2\/posts\/1088\/revisions\/1089"}],"wp:featuredmedia":[{"embeddable":true,"href":"http:\/\/pkas.cz\/index.php?rest_route=\/wp\/v2\/media\/717"}],"wp:attachment":[{"href":"http:\/\/pkas.cz\/index.php?rest_route=%2Fwp%2Fv2%2Fmedia&parent=1088"}],"wp:term":[{"taxonomy":"category","embeddable":true,"href":"http:\/\/pkas.cz\/index.php?rest_route=%2Fwp%2Fv2%2Fcategories&post=1088"},{"taxonomy":"post_tag","embeddable":true,"href":"http:\/\/pkas.cz\/index.php?rest_route=%2Fwp%2Fv2%2Ftags&post=1088"}],"curies":[{"name":"wp","href":"https:\/\/api.w.org\/{rel}","templated":true}]}}